{"id":162,"date":"2021-11-26T16:17:24","date_gmt":"2021-11-26T15:17:24","guid":{"rendered":"http:\/\/targoncavezeto-tanfolyam.kepzesek.ioszia.hu\/?p=162"},"modified":"2021-11-26T16:21:49","modified_gmt":"2021-11-26T15:21:49","slug":"dr-palkovics-laszlo-miniszter-ur-itm-megnyitojaban-elmondta","status":"publish","type":"post","link":"http:\/\/targoncavezeto-tanfolyam.kepzesek.ioszia.hu\/?p=162","title":{"rendered":"Dr. Palkovics L\u00e1szl\u00f3  miniszter \u00far (ITM) megnyit\u00f3j\u00e1ban elmondta:"},"content":{"rendered":"<div data-contents=\"true\">\n<div class=\"\" data-block=\"true\" data-editor=\"9dmno\" data-offset-key=\"fqfac-0-0\">\n<div class=\"_1mf _1mj\" data-offset-key=\"fqfac-0-0\"><span data-offset-key=\"fqfac-0-0\">D\u00edj\u00e1tad\u00f3 \u00fcnneps\u00e9g! <\/span><\/div>\n<\/div>\n<div class=\"\" data-block=\"true\" data-editor=\"9dmno\" data-offset-key=\"cvorp-0-0\">\n<div class=\"_1mf _1mj\" data-offset-key=\"cvorp-0-0\"><span data-offset-key=\"cvorp-0-0\">\ud83d\ude4c (M\u00e1r mi is a nagy k\u00f6nyvben, K\u00e9pz\u00e9s &#8211; szakk\u00e9pz\u00e9s)<\/span><\/div>\n<\/div>\n<div class=\"\" data-block=\"true\" data-editor=\"9dmno\" data-offset-key=\"eukc9-0-0\">\n<div class=\"_1mf _1mj\" data-offset-key=\"eukc9-0-0\"><\/div>\n<\/div>\n<div class=\"\" data-block=\"true\" data-editor=\"9dmno\" data-offset-key=\"9p91n-0-0\">\n<div class=\"_1mf _1mj\" data-offset-key=\"9p91n-0-0\"><span data-offset-key=\"9p91n-0-0\"><strong><span style=\"text-decoration: underline;\">Dr. Palkovics L\u00e1szl\u00f3<\/span> Innov\u00e1ci\u00f3s \u00e9s Technol\u00f3giai Miniszter \u00far<\/strong> megnyit\u00f3j\u00e1ban elmondta: &#8222;a korm\u00e1ny egyik f\u0151 c\u00e9lja, hogy Magyarorsz\u00e1got a legsz\u0171kebb eur\u00f3pai \u00e9lvonalba emelj\u00e9k 2030-ra, azok k\u00f6z\u00e9 az orsz\u00e1gok k\u00f6z\u00e9, ahol a legjobb \u00e9lni, lakni, \u00e9s dolgozni. A hazai foglalkoztat\u00e1s b\u0151v\u00fcl\u00e9s\u00e9n\u00e9l kev\u00e9s uni\u00f3s tag\u00e1llam volt k\u00e9pes dinamikusabb n\u00f6veked\u00e9st felmutatni az elm\u00falt \u00e9vtizedben.&#8221;<\/span><\/div>\n<\/div>\n<div class=\"\" data-block=\"true\" data-editor=\"9dmno\" data-offset-key=\"8oasm-0-0\">\n<div class=\"_1mf _1mj\" data-offset-key=\"8oasm-0-0\"><span data-offset-key=\"8oasm-0-0\">&#8222;<span style=\"text-decoration: underline;\"><em>Mint fogalmazott, ha munka van, minden van,<\/em><\/span> azonban nem \u00e1rt, ha a ki\u00e9rdemelt \u00e1ll\u00e1s tisztess\u00e9ges keny\u00e9rkeresetet biztos\u00edt.&#8221; &#8230;<\/span><\/div>\n<div class=\"_1mf _1mj\" data-offset-key=\"8oasm-0-0\"><span class=\"_5zk7\" spellcheck=\"false\" data-offset-key=\"8oasm-1-0\"><span data-offset-key=\"8oasm-1-0\"><a href=\"http:\/\/targoncavezeto-tanfolyam.kepzesek.ioszia.hu\/wp-content\/uploads\/ofa_fu\u0308lo\u0308phenrik_palkovicsla\u0301szlo\u0301_itm_modello_nnova\u0301cio\u0301s-e\u0301s-technolo\u0301giai-miniszte\u0301rium.jpg\"><img loading=\"lazy\" decoding=\"async\" class=\"alignleft size-large wp-image-4972\" src=\"http:\/\/targoncavezeto-tanfolyam.kepzesek.ioszia.hu\/wp-content\/uploads\/ofa_fu\u0308lo\u0308phenrik_palkovicsla\u0301szlo\u0301_itm_modello_nnova\u0301cio\u0301s-e\u0301s-technolo\u0301giai-miniszte\u0301rium-751x1024.jpg\" alt=\"\" width=\"640\" height=\"873\" \/><\/a><\/span><\/span><\/div>\n<div data-offset-key=\"8oasm-0-0\"><span style=\"font-family: tahoma, arial, helvetica, sans-serif;\"><a href=\"https:\/\/www.facebook.com\/fulophenrik\/photos\/a.555396851193883\/4539161582817370\/\">F\u00dcL\u00d6P HENRIK<\/a> &#8211; <a href=\"http:\/\/www.felnottkepzes.hu\/\">Feln\u0151ttk\u00e9pz\u00e9s<\/a> &#8211; <a href=\"http:\/\/www.felnottkepzes.hu\/uj-szakmai-kepzesek\/\">MODELLO M\u00f3dszertani \u00e9s K\u00e9pz\u00e9si Int\u00e9zet <\/a><\/span><\/div>\n<div data-offset-key=\"8oasm-0-0\"><\/div>\n<div data-offset-key=\"8oasm-0-0\"><span style=\"font-family: tahoma, arial, helvetica, sans-serif; font-size: 8pt;\">ECL NYELVVIZSGA VIZSGAHELY AZ: 1769, EURO EXAM NYELVVIZSGA VIZSGAHELY AZ: 1894, ECDL VIZSGAHELY AZ: 518 Feln\u0151ttk\u00e9pz\u00e9si tev\u00e9kenys\u00e9get igazol\u00f3 enged\u00e9lysz\u00e1m: E-000526\/2014, B\/2021\/000107, E\/2020\/000131, Szolg\u00e1ltat\u00e1si tev\u00e9kenys\u00e9g nyilv\u00e1ntart\u00e1si sz\u00e1ma: SZ186\/1-2-3-5\/01\/2021 | Ad\u00f3sz\u00e1ma: 13531223-2-42 | C\u00e9gjegyz\u00e9ksz\u00e1ma: 01-09-283044<\/span><br \/>\n<span style=\"font-family: tahoma, arial, helvetica, sans-serif;\"><span style=\"font-family: arial, helvetica, sans-serif;\"><span style=\"font-size: 8pt;\"><span style=\"font-family: andale mono, monospace;\"><strong>Telefonsz\u00e1m: <\/strong><a href=\"tel:+36307337538\">+36 (30) 733-7538<\/a> |\u00a0<a href=\"tel:+36706766835\">+36 (70) 676-6835 <\/a> |\u00a0<a href=\"tel:+36704277406\">+36 (<span style=\"font-family: arial, helvetica, sans-serif;\">70) 427-7406<\/span><\/a> | <\/span><a href=\"tel:+3637301649\"><span style=\"font-family: andale mono, monospace;\">+36 (37) 301-649<\/span> |<\/a><br \/>\n<strong>E-mail:<\/strong> <\/span><a href=\"mailto:info@felnottkepzes.hu\"><span style=\"font-size: 8pt;\">info@felnottkepzes.hu<\/span><\/a><\/span><\/span><\/div>\n<div class=\"_1mf _1mj\" data-offset-key=\"8oasm-0-0\"><span style=\"font-family: arial, helvetica, sans-serif;\"><span class=\"_5zk7\" spellcheck=\"false\" data-offset-key=\"8oasm-1-0\">#K\u00e9pz\u00e9s<\/span> <span class=\"_5zk7\" spellcheck=\"false\" data-offset-key=\"8oasm-3-0\">#szak\u00e9pz\u00e9s<\/span> <span class=\"_5zk7\" spellcheck=\"false\" data-offset-key=\"8oasm-5-0\">#modello<\/span> <span class=\"_5zk7\" spellcheck=\"false\" data-offset-key=\"8oasm-7-0\">#ioszia<\/span> <span class=\"_5zk7\" spellcheck=\"false\" data-offset-key=\"8oasm-9-0\">#itm<\/span> <span class=\"_5zk7\" spellcheck=\"false\" data-offset-key=\"8oasm-11-0\">#innov\u00e1ci\u00f3s\u00e9stechnol\u00f3giaiminiszt\u00e9rium<\/span> <span class=\"_5zk7\" spellcheck=\"false\" data-offset-key=\"8oasm-13-0\">#ofa<\/span><\/span><\/div>\n<\/div>\n<\/div>\n","protected":false},"excerpt":{"rendered":"<p>D\u00edj\u00e1tad\u00f3 \u00fcnneps\u00e9g! \ud83d\ude4c (M\u00e1r mi is a nagy k\u00f6nyvben, K\u00e9pz\u00e9s &#8211; szakk\u00e9pz\u00e9s) Dr. Palkovics L\u00e1szl\u00f3 Innov\u00e1ci\u00f3s \u00e9s Technol\u00f3giai Miniszter \u00far megnyit\u00f3j\u00e1ban elmondta: &#8222;a korm\u00e1ny egyik f\u0151 c\u00e9lja, hogy Magyarorsz\u00e1got a legsz\u0171kebb eur\u00f3pai \u00e9lvonalba emelj\u00e9k 2030-ra, azok k\u00f6z\u00e9 az orsz\u00e1gok k\u00f6z\u00e9, &hellip; <a href=\"http:\/\/targoncavezeto-tanfolyam.kepzesek.ioszia.hu\/?p=162\">Egy kattint\u00e1s ide a folytat\u00e1shoz&#8230;. <span class=\"meta-nav\">&rarr;<\/span><\/a><\/p>\n","protected":false},"author":1,"featured_media":0,"comment_status":"open","ping_status":"closed","sticky":false,"template":"","format":"standard","meta":{"footnotes":""},"categories":[1],"tags":[],"_links":{"self":[{"href":"http:\/\/targoncavezeto-tanfolyam.kepzesek.ioszia.hu\/index.php?rest_route=\/wp\/v2\/posts\/162"}],"collection":[{"href":"http:\/\/targoncavezeto-tanfolyam.kepzesek.ioszia.hu\/index.php?rest_route=\/wp\/v2\/posts"}],"about":[{"href":"http:\/\/targoncavezeto-tanfolyam.kepzesek.ioszia.hu\/index.php?rest_route=\/wp\/v2\/types\/post"}],"author":[{"embeddable":true,"href":"http:\/\/targoncavezeto-tanfolyam.kepzesek.ioszia.hu\/index.php?rest_route=\/wp\/v2\/users\/1"}],"replies":[{"embeddable":true,"href":"http:\/\/targoncavezeto-tanfolyam.kepzesek.ioszia.hu\/index.php?rest_route=%2Fwp%2Fv2%2Fcomments&post=162"}],"version-history":[{"count":1,"href":"http:\/\/targoncavezeto-tanfolyam.kepzesek.ioszia.hu\/index.php?rest_route=\/wp\/v2\/posts\/162\/revisions"}],"predecessor-version":[{"id":163,"href":"http:\/\/targoncavezeto-tanfolyam.kepzesek.ioszia.hu\/index.php?rest_route=\/wp\/v2\/posts\/162\/revisions\/163"}],"wp:attachment":[{"href":"http:\/\/targoncavezeto-tanfolyam.kepzesek.ioszia.hu\/index.php?rest_route=%2Fwp%2Fv2%2Fmedia&parent=162"}],"wp:term":[{"taxonomy":"category","embeddable":true,"href":"http:\/\/targoncavezeto-tanfolyam.kepzesek.ioszia.hu\/index.php?rest_route=%2Fwp%2Fv2%2Fcategories&post=162"},{"taxonomy":"post_tag","embeddable":true,"href":"http:\/\/targoncavezeto-tanfolyam.kepzesek.ioszia.hu\/index.php?rest_route=%2Fwp%2Fv2%2Ftags&post=162"}],"curies":[{"name":"wp","href":"https:\/\/api.w.org\/{rel}","templated":true}]}}